{"id":1505,"date":"2024-08-12T16:28:14","date_gmt":"2024-08-12T14:28:14","guid":{"rendered":"https:\/\/www.fermedesainteluce.com\/web\/?p=1505"},"modified":"2024-08-12T16:28:17","modified_gmt":"2024-08-12T14:28:17","slug":"venez-voyager-en-musique-chez-lucette","status":"publish","type":"post","link":"https:\/\/www.fermedesainteluce.com\/web\/tout\/a-la-une\/venez-voyager-en-musique-chez-lucette\/","title":{"rendered":"Venez voyager en musique chez Lucette"},"content":{"rendered":"\n<p class=\"has-text-align-center\">Ce <strong>vendredi 16 ao\u00fbt \u00e0 20h<\/strong>, venez retrouver <strong>Duo Malinga <\/strong>en concert : un voyage musical entre flamenco, m\u00e9diterran\u00e9e et Am\u00e9rique latine qui vous sublimera les oreilles pour la soir\u00e9e !<\/p>\n\n\n\n<p class=\"has-text-align-center\">Et pour sublimez vos papilles, vous pourrez toujours boire un verre frais de notre bi\u00e8re l&#8217;Etincelle ou autre jus et limonade au bar de Lucette, le tout en profitant d&#8217;une bonne pizza ou tartine sal\u00e9e!<\/p>\n\n\n\n<p class=\"has-text-align-center\">Comme d&#8217;habitude n&#8217;oubliez pas de r\u00e9server vos d\u00e9licieuses pizzas au feu de bois rapidement.<\/p>\n\n\n\n<p class=\"has-text-align-center\">Les tartines sal\u00e9es sont \u00e0 commander sur place.<\/p>\n\n\n\n<p class=\"has-text-align-center\">Pour rappel les artistes sont financ\u00e9s au chapeau, alors n&#8217;oubliez pas un petit quelque chose pour contribuer, (prix conseill\u00e9 pour ce concert : 0\u20ac) un grand merci!<\/p>\n\n\n\n<p class=\"has-text-align-center\">Si c&#8217;est le dernier concert de la saison, les soir\u00e9es pizza continuent elles jusqu&#8217;au 31 ao\u00fbt, n&#8217;oubliez pas de r\u00e9server !<\/p>\n\n\n\n<p class=\"has-text-align-center\">A vendredi !<\/p>\n\n\n\n<p class=\"has-text-align-center\"><strong>Vos pizzas cuites au feu de bois : <em>r\u00e9servation@fermedesainteluce.com et au 04 7<\/em><\/strong><em><strong>6 30 16 04<\/strong><\/em><\/p>\n\n\n\n<p class=\"has-text-align-center\"><\/p>\n","protected":false},"excerpt":{"rendered":"<p>Ce vendredi 16 ao\u00fbt \u00e0 20h, venez retrouver Duo Malinga en concert : un voyage musical entre flamenco, m\u00e9diterran\u00e9e et Am\u00e9rique latine qui vous sublimera les oreilles pour la soir\u00e9e ! Et pour sublimez vos papilles, vous pourrez toujours boire un verre frais de notre [&hellip;]<\/p>\n","protected":false},"author":2,"featured_media":1506,"comment_status":"closed","ping_status":"closed","sticky":false,"template":"","format":"standard","meta":{"_custom_body_class":"","_custom_post_class":""},"categories":[3],"tags":[],"_links":{"self":[{"href":"https:\/\/www.fermedesainteluce.com\/web\/wp-json\/wp\/v2\/posts\/1505"}],"collection":[{"href":"https:\/\/www.fermedesainteluce.com\/web\/wp-json\/wp\/v2\/posts"}],"about":[{"href":"https:\/\/www.fermedesainteluce.com\/web\/wp-json\/wp\/v2\/types\/post"}],"author":[{"embeddable":true,"href":"https:\/\/www.fermedesainteluce.com\/web\/wp-json\/wp\/v2\/users\/2"}],"replies":[{"embeddable":true,"href":"https:\/\/www.fermedesainteluce.com\/web\/wp-json\/wp\/v2\/comments?post=1505"}],"version-history":[{"count":2,"href":"https:\/\/www.fermedesainteluce.com\/web\/wp-json\/wp\/v2\/posts\/1505\/revisions"}],"predecessor-version":[{"id":1508,"href":"https:\/\/www.fermedesainteluce.com\/web\/wp-json\/wp\/v2\/posts\/1505\/revisions\/1508"}],"wp:featuredmedia":[{"embeddable":true,"href":"https:\/\/www.fermedesainteluce.com\/web\/wp-json\/wp\/v2\/media\/1506"}],"wp:attachment":[{"href":"https:\/\/www.fermedesainteluce.com\/web\/wp-json\/wp\/v2\/media?parent=1505"}],"wp:term":[{"taxonomy":"category","embeddable":true,"href":"https:\/\/www.fermedesainteluce.com\/web\/wp-json\/wp\/v2\/categories?post=1505"},{"taxonomy":"post_tag","embeddable":true,"href":"https:\/\/www.fermedesainteluce.com\/web\/wp-json\/wp\/v2\/tags?post=1505"}],"curies":[{"name":"wp","href":"https:\/\/api.w.org\/{rel}","templated":true}]}}