{"id":1594,"date":"2025-04-14T14:21:56","date_gmt":"2025-04-14T12:21:56","guid":{"rendered":"https:\/\/www.fermedesainteluce.com\/web\/?p=1594"},"modified":"2025-04-14T14:21:56","modified_gmt":"2025-04-14T12:21:56","slug":"les-oiseaux-de-trottoir-sont-de-retour","status":"publish","type":"post","link":"https:\/\/www.fermedesainteluce.com\/web\/tout\/a-la-une\/les-oiseaux-de-trottoir-sont-de-retour\/","title":{"rendered":"Les Oiseaux de trottoir sont de retour !"},"content":{"rendered":"\n<p class=\"has-text-align-center\">Apr\u00e8s leur super passage \u00e0 l&#8217;automne dernier, l&#8217;orchestre chansonnier cyclo-itin\u00e9rant est de retour \u00e0 Sainte Luce!<\/p>\n\n\n\n<p class=\"has-text-align-center\"><strong>Venez en prendre plein les oreilles \u00e0 la salle des f\u00eates de Sainte Luce, le mardi 22 avril \u00e0 19h30.<\/strong><\/p>\n\n\n\n<p class=\"has-text-align-center\">Buvette et petite restauration sur place, pr\u00e9voyez de la monnaie et de quoi remplir leur chapeau apr\u00e8s leur performance emballante!<\/p>\n\n\n\n<p class=\"has-text-align-center\">On esp\u00e8re vous voir nombreux.se!<\/p>\n\n\n\n<p><\/p>\n","protected":false},"excerpt":{"rendered":"<p>Apr\u00e8s leur super passage \u00e0 l&#8217;automne dernier, l&#8217;orchestre chansonnier cyclo-itin\u00e9rant est de retour \u00e0 Sainte Luce! Venez en prendre plein les oreilles \u00e0 la salle des f\u00eates de Sainte Luce, le mardi 22 avril \u00e0 19h30. Buvette et petite restauration sur place, pr\u00e9voyez de la [&hellip;]<\/p>\n","protected":false},"author":2,"featured_media":1595,"comment_status":"closed","ping_status":"closed","sticky":false,"template":"","format":"standard","meta":{"_custom_body_class":"","_custom_post_class":""},"categories":[3],"tags":[],"_links":{"self":[{"href":"https:\/\/www.fermedesainteluce.com\/web\/wp-json\/wp\/v2\/posts\/1594"}],"collection":[{"href":"https:\/\/www.fermedesainteluce.com\/web\/wp-json\/wp\/v2\/posts"}],"about":[{"href":"https:\/\/www.fermedesainteluce.com\/web\/wp-json\/wp\/v2\/types\/post"}],"author":[{"embeddable":true,"href":"https:\/\/www.fermedesainteluce.com\/web\/wp-json\/wp\/v2\/users\/2"}],"replies":[{"embeddable":true,"href":"https:\/\/www.fermedesainteluce.com\/web\/wp-json\/wp\/v2\/comments?post=1594"}],"version-history":[{"count":1,"href":"https:\/\/www.fermedesainteluce.com\/web\/wp-json\/wp\/v2\/posts\/1594\/revisions"}],"predecessor-version":[{"id":1596,"href":"https:\/\/www.fermedesainteluce.com\/web\/wp-json\/wp\/v2\/posts\/1594\/revisions\/1596"}],"wp:featuredmedia":[{"embeddable":true,"href":"https:\/\/www.fermedesainteluce.com\/web\/wp-json\/wp\/v2\/media\/1595"}],"wp:attachment":[{"href":"https:\/\/www.fermedesainteluce.com\/web\/wp-json\/wp\/v2\/media?parent=1594"}],"wp:term":[{"taxonomy":"category","embeddable":true,"href":"https:\/\/www.fermedesainteluce.com\/web\/wp-json\/wp\/v2\/categories?post=1594"},{"taxonomy":"post_tag","embeddable":true,"href":"https:\/\/www.fermedesainteluce.com\/web\/wp-json\/wp\/v2\/tags?post=1594"}],"curies":[{"name":"wp","href":"https:\/\/api.w.org\/{rel}","templated":true}]}}