{"id":1618,"date":"2025-07-08T09:51:48","date_gmt":"2025-07-08T07:51:48","guid":{"rendered":"https:\/\/www.fermedesainteluce.com\/web\/?p=1618"},"modified":"2025-07-08T09:51:49","modified_gmt":"2025-07-08T07:51:49","slug":"musique-du-monde-chez-lucette","status":"publish","type":"post","link":"https:\/\/www.fermedesainteluce.com\/web\/tout\/a-la-une\/musique-du-monde-chez-lucette\/","title":{"rendered":"Musique du monde chez Lucette"},"content":{"rendered":"\n<p class=\"has-text-align-center\">Ce <strong>vendredi 11 juillet \u00e0 20h30<\/strong>, venez retrouver<a href=\"https:\/\/bleucommeorange.jimdofree.com\/\" data-type=\"URL\"> <strong>Bleu comme Orange <\/strong><\/a>en concert : <\/p>\n\n\n\n<p class=\"has-text-align-center\">Un subtil \u00e9quilibre entre une voix &nbsp;Un savoureux m\u00e9lange de standards de musiques du monde, Jazz, Rythm&#8217;N est Blues et chansons&#8230; Tout est pr\u00e9texte \u00e0 l&#8217;improvisation, \u00e0 saisir l&#8217;instant pour le rendre magique<\/p>\n\n\n\n<p class=\"has-text-align-center\"> Une soir\u00e9e en musique o\u00f9 vous pourrez d\u00e9guster notre bi\u00e8re l&#8217;Etincelle ou autre jus et limonade au bar de Lucette, le tout en profitant d&#8217;une bonne pizza !<\/p>\n\n\n\n<p class=\"has-text-align-center\"><strong>N&#8217;oubliez pas de r\u00e9server vos d\u00e9licieuses pizzas au feu de bois rapidement.<\/strong><\/p>\n\n\n\n<p class=\"has-text-align-center\">Pour rappel les artistes sont financ\u00e9s au chapeau, alors n&#8217;oubliez pas un petit quelque chose pour contribuer, merci.<\/p>\n\n\n\n<p class=\"has-text-align-center\">A vendredi !<\/p>\n\n\n\n<p class=\"has-text-align-center\"><strong>Vos pizzas cuites au feu de bois : <em>r\u00e9servation@fermedesainteluce.com et au 04 7<\/em><\/strong><em><strong>6 30 16 04<\/strong><\/em><\/p>\n\n\n\n<p class=\"has-text-align-center\"><\/p>\n","protected":false},"excerpt":{"rendered":"<p>Ce vendredi 11 juillet \u00e0 20h30, venez retrouver Bleu comme Orange en concert : Un subtil \u00e9quilibre entre une voix &nbsp;Un savoureux m\u00e9lange de standards de musiques du monde, Jazz, Rythm&#8217;N est Blues et chansons&#8230; Tout est pr\u00e9texte \u00e0 l&#8217;improvisation, \u00e0 saisir l&#8217;instant pour le [&hellip;]<\/p>\n","protected":false},"author":2,"featured_media":1619,"comment_status":"closed","ping_status":"closed","sticky":false,"template":"","format":"standard","meta":{"_custom_body_class":"","_custom_post_class":""},"categories":[3],"tags":[],"_links":{"self":[{"href":"https:\/\/www.fermedesainteluce.com\/web\/wp-json\/wp\/v2\/posts\/1618"}],"collection":[{"href":"https:\/\/www.fermedesainteluce.com\/web\/wp-json\/wp\/v2\/posts"}],"about":[{"href":"https:\/\/www.fermedesainteluce.com\/web\/wp-json\/wp\/v2\/types\/post"}],"author":[{"embeddable":true,"href":"https:\/\/www.fermedesainteluce.com\/web\/wp-json\/wp\/v2\/users\/2"}],"replies":[{"embeddable":true,"href":"https:\/\/www.fermedesainteluce.com\/web\/wp-json\/wp\/v2\/comments?post=1618"}],"version-history":[{"count":1,"href":"https:\/\/www.fermedesainteluce.com\/web\/wp-json\/wp\/v2\/posts\/1618\/revisions"}],"predecessor-version":[{"id":1620,"href":"https:\/\/www.fermedesainteluce.com\/web\/wp-json\/wp\/v2\/posts\/1618\/revisions\/1620"}],"wp:featuredmedia":[{"embeddable":true,"href":"https:\/\/www.fermedesainteluce.com\/web\/wp-json\/wp\/v2\/media\/1619"}],"wp:attachment":[{"href":"https:\/\/www.fermedesainteluce.com\/web\/wp-json\/wp\/v2\/media?parent=1618"}],"wp:term":[{"taxonomy":"category","embeddable":true,"href":"https:\/\/www.fermedesainteluce.com\/web\/wp-json\/wp\/v2\/categories?post=1618"},{"taxonomy":"post_tag","embeddable":true,"href":"https:\/\/www.fermedesainteluce.com\/web\/wp-json\/wp\/v2\/tags?post=1618"}],"curies":[{"name":"wp","href":"https:\/\/api.w.org\/{rel}","templated":true}]}}