{"id":1622,"date":"2025-07-14T14:55:35","date_gmt":"2025-07-14T12:55:35","guid":{"rendered":"https:\/\/www.fermedesainteluce.com\/web\/?p=1622"},"modified":"2025-07-14T14:55:36","modified_gmt":"2025-07-14T12:55:36","slug":"aiar-de-retour-chez-lucette","status":"publish","type":"post","link":"https:\/\/www.fermedesainteluce.com\/web\/tout\/a-la-une\/aiar-de-retour-chez-lucette\/","title":{"rendered":"AIAR de retour chez Lucette"},"content":{"rendered":"\n<p class=\"has-text-align-center\">Ce <strong>vendredi 18 juillet \u00e0 20h30<\/strong>, venez retrouver <a href=\"https:\/\/aiartrad.wordpress.com\/\"><strong>AIAR <\/strong><\/a>en concert : <\/p>\n\n\n\n<div class=\"is-layout-constrained wp-block-group\" style=\"font-style:italic;font-weight:100\"><div class=\"wp-block-group__inner-container\">\n<p class=\"has-text-align-center\">AIAR se situe \u00e0 la confluence de diverses traditions.<\/p>\n\n\n\n<p class=\"has-text-align-center\">Entre Irlande, Auvergne, Savoie et m\u00eame Su\u00e8de, le quartet navigue en fonction de ses inspirations pour cr\u00e9er un m\u00e9lange unique o\u00f9 rythmes et m\u00e9lodies s\u2019enchev\u00eatrent joyeusement.<\/p>\n\n\n\n<p class=\"has-text-align-center\">Puisant dans le r\u00e9pertoire traditionnel tout en s\u2019autorisant la composition, AIAR ose une rencontre des univers et des instruments pour proposer une musique \u00e0 l\u2019esth\u00e9tique toute particuli\u00e8re.<\/p>\n\n\n\n<p class=\"has-text-align-center\">C\u2019est chatoyant, c\u2019est contrast\u00e9, c\u2019est ac\u00e9r\u00e9, c\u2019est vivant !<\/p>\n<\/div><\/div>\n\n\n\n<p class=\"has-text-align-center\"> Une soir\u00e9e en musique o\u00f9 vous pourrez d\u00e9guster notre bi\u00e8re l&#8217;Etincelle ou autre jus et limonade au bar de Lucette, le tout en profitant d&#8217;une bonne pizza !<\/p>\n\n\n\n<p class=\"has-text-align-center\"><strong>N&#8217;oubliez pas de r\u00e9server vos d\u00e9licieuses pizzas au feu de bois rapidement.<\/strong><\/p>\n\n\n\n<p class=\"has-text-align-center\">Pour rappel les artistes sont financ\u00e9s au chapeau, alors n&#8217;oubliez pas un petit quelque chose pour contribuer, merci.<\/p>\n\n\n\n<p class=\"has-text-align-center\">A vendredi !<\/p>\n\n\n\n<p class=\"has-text-align-center\"><strong>Vos pizzas cuites au feu de bois : <em>r\u00e9servation@fermedesainteluce.com et au 04 7<\/em><\/strong><em><strong>6 30 16 04<\/strong><\/em><\/p>\n\n\n\n<p class=\"has-text-align-center\"><\/p>\n","protected":false},"excerpt":{"rendered":"<p>Ce vendredi 18 juillet \u00e0 20h30, venez retrouver AIAR en concert : AIAR se situe \u00e0 la confluence de diverses traditions. Entre Irlande, Auvergne, Savoie et m\u00eame Su\u00e8de, le quartet navigue en fonction de ses inspirations pour cr\u00e9er un m\u00e9lange unique o\u00f9 rythmes et m\u00e9lodies [&hellip;]<\/p>\n","protected":false},"author":2,"featured_media":1623,"comment_status":"closed","ping_status":"closed","sticky":false,"template":"","format":"standard","meta":{"_custom_body_class":"","_custom_post_class":""},"categories":[3],"tags":[],"_links":{"self":[{"href":"https:\/\/www.fermedesainteluce.com\/web\/wp-json\/wp\/v2\/posts\/1622"}],"collection":[{"href":"https:\/\/www.fermedesainteluce.com\/web\/wp-json\/wp\/v2\/posts"}],"about":[{"href":"https:\/\/www.fermedesainteluce.com\/web\/wp-json\/wp\/v2\/types\/post"}],"author":[{"embeddable":true,"href":"https:\/\/www.fermedesainteluce.com\/web\/wp-json\/wp\/v2\/users\/2"}],"replies":[{"embeddable":true,"href":"https:\/\/www.fermedesainteluce.com\/web\/wp-json\/wp\/v2\/comments?post=1622"}],"version-history":[{"count":2,"href":"https:\/\/www.fermedesainteluce.com\/web\/wp-json\/wp\/v2\/posts\/1622\/revisions"}],"predecessor-version":[{"id":1625,"href":"https:\/\/www.fermedesainteluce.com\/web\/wp-json\/wp\/v2\/posts\/1622\/revisions\/1625"}],"wp:featuredmedia":[{"embeddable":true,"href":"https:\/\/www.fermedesainteluce.com\/web\/wp-json\/wp\/v2\/media\/1623"}],"wp:attachment":[{"href":"https:\/\/www.fermedesainteluce.com\/web\/wp-json\/wp\/v2\/media?parent=1622"}],"wp:term":[{"taxonomy":"category","embeddable":true,"href":"https:\/\/www.fermedesainteluce.com\/web\/wp-json\/wp\/v2\/categories?post=1622"},{"taxonomy":"post_tag","embeddable":true,"href":"https:\/\/www.fermedesainteluce.com\/web\/wp-json\/wp\/v2\/tags?post=1622"}],"curies":[{"name":"wp","href":"https:\/\/api.w.org\/{rel}","templated":true}]}}