{"id":1667,"date":"2026-03-18T11:48:53","date_gmt":"2026-03-18T10:48:53","guid":{"rendered":"https:\/\/www.fermedesainteluce.com\/web\/?p=1667"},"modified":"2026-03-18T11:48:54","modified_gmt":"2026-03-18T10:48:54","slug":"venez-nous-rejoindre-la-ferme-recrute-un-cdd-et-un-cdi","status":"publish","type":"post","link":"https:\/\/www.fermedesainteluce.com\/web\/tout\/a-la-une\/venez-nous-rejoindre-la-ferme-recrute-un-cdd-et-un-cdi\/","title":{"rendered":"Venez nous rejoindre! La ferme recrute un CDD et un CDI"},"content":{"rendered":"\n<p><strong>1 &#8211; Recherche salari\u00e9.e polyvalent.e (CDI) \u00e0 la ferme de Sainte-Luce Boulange-\u00c9levage<\/strong><\/p>\n\n\n\n<p>La ferme de Sainte-Luce est une ferme en agriculture biologique, situ\u00e9e en montagne (1200m) dans le sud Is\u00e8re. Elle regroupe 22 travailleur.euses polyvalent.es autour de plusieurs ateliers : vaches laiti\u00e8res, fromagerie, boulangerie au levain, biscuiterie, bi\u00e8re paysanne, atelier porcin, animations p\u00e9dagogiques, culture\/foin, vente directe et livraison.<\/p>\n\n\n\n<p>Nous recherchons une personne d\u00e9sirant rejoindre notre \u00e9quipe ! Le poste s\u2019articulera principalement autour de deux ateliers : vaches laiti\u00e8res (une quarantaine \u00e0 la traite, alimentation et divers travaux associ\u00e9s \u00e0 l\u2019\u00e9levage) et boulangerie au levain (p\u00e9trissage manuel, cuisson au feu de bois). Une mission de commercialisation (vente, pr\u00e9paration des commandes) est \u00e9galement pr\u00e9vue.<\/p>\n\n\n\n<p>Il s\u2019agit d\u2019une offre \u00e0 plein temps (35H sur un syst\u00e8me d\u2019annualisation entra\u00eenant une modularit\u00e9 hebdomadaire des heures selon les saisons hautes et basses) en CDI, \u00e0 pourvoir d\u00e8s que possible (avril 2026). R\u00e9mun\u00e9ration au SMIC horaire. La ferme pratique \u00e9galement un syst\u00e8me d\u2019autoconso (produits laitiers, fromages et pain pour sa consommation personnelle) et des tarifs avantageux sur tout le reste des produits de la ferme.<\/p>\n\n\n\n<p>Si tu es interess\u00e9.e, tu peux nous envoyer un mail avec ton CV et lettre de motivation \u00e0 :<\/p>\n\n\n\n<p><a href=\"mailto:fermedesainteluce@gmail.com\" rel=\"noreferrer noopener\" target=\"_blank\">contact@fermedesainteluce.com<\/a><\/p>\n\n\n\n<p><strong>2 &#8211; Recherche saisonnier.e (CDD \u00e9t\u00e9 2026) \u00e0 la ferme de Sainte-Luce Boulange-Commercialisation<\/strong><\/p>\n\n\n\n<p>La ferme de Sainte-Luce est une ferme en agriculture biologique, situ\u00e9e en montagne (1200m) dans le sud Is\u00e8re. Elle regroupe 22 travailleur.euses polyvalent.es autour de plusieurs ateliers&nbsp;: vaches laiti\u00e8res, fromagerie, boulangerie au levain, biscuiterie, bi\u00e8re paysanne, atelier porcin, animations p\u00e9dagogiques, culture\/foin, vente directe et livraison.<\/p>\n\n\n\n<p>Nous recherchons une personne d\u00e9sirant rejoindre l\u2019\u00e9quipe durant la saison estivale 2026 !<\/p>\n\n\n\n<p>Le poste s\u2019articulera autour d\u2019un atelier de production&nbsp;: boulangerie au levain (p\u00e9trissage manuel, cuisson au feu de bois) et de missions li\u00e9es \u00e0 la commercialisation (march\u00e9s, vente, livraisons).<\/p>\n\n\n\n<p>Il s\u2019agit d\u2019une offre \u00e0 plein temps (35H sur un syst\u00e8me d\u2019annualisation entra\u00eenant une modularit\u00e9 hebdomadaire des heures selon les saisons hautes et basses) en CDD, de juin \u00e0 ao\u00fbt 2026. R\u00e9mun\u00e9ration au SMIC horaire. La ferme pratique \u00e9galement un syst\u00e8me d\u2019autoconso (produits laitiers, fromages et pain pour sa consommation personnelle) et des tarifs avantageux sur tout le reste des produits de la ferme. Durant l\u2019\u00e9t\u00e9 (juillet et ao\u00fbt), la ferme organise des \u00e9v\u00e9nements, les \u00ab Lucette \u00bb : nous accueillons des artistes pour des concerts tous les vendredis soir, tout en se r\u00e9galant de bonnes pizzas au feu de bois, avec les produits de la ferme !<\/p>\n\n\n\n<p>Nous recherchons id\u00e9alement une personne d\u00e9j\u00e0 sensibilis\u00e9e\/form\u00e9e \u00e0 la boulangerie au levain.<\/p>\n\n\n\n<p>Si tu es interess\u00e9.e, tu peux nous envoyer un mail avec ton CV et lettre de motivation \u00e0 :<\/p>\n\n\n\n<p><a href=\"mailto:fermedesainteluce@gmail.com\" rel=\"noreferrer noopener\" target=\"_blank\">contact@fermedesainteluce.com<\/a><\/p>\n","protected":false},"excerpt":{"rendered":"<p>1 &#8211; Recherche salari\u00e9.e polyvalent.e (CDI) \u00e0 la ferme de Sainte-Luce Boulange-\u00c9levage La ferme de Sainte-Luce est une ferme en agriculture biologique, situ\u00e9e en montagne (1200m) dans le sud Is\u00e8re. Elle regroupe 22 travailleur.euses polyvalent.es autour de plusieurs ateliers : vaches laiti\u00e8res, fromagerie, boulangerie au [&hellip;]<\/p>\n","protected":false},"author":2,"featured_media":1668,"comment_status":"closed","ping_status":"closed","sticky":false,"template":"","format":"standard","meta":{"_custom_body_class":"","_custom_post_class":""},"categories":[3],"tags":[],"_links":{"self":[{"href":"https:\/\/www.fermedesainteluce.com\/web\/wp-json\/wp\/v2\/posts\/1667"}],"collection":[{"href":"https:\/\/www.fermedesainteluce.com\/web\/wp-json\/wp\/v2\/posts"}],"about":[{"href":"https:\/\/www.fermedesainteluce.com\/web\/wp-json\/wp\/v2\/types\/post"}],"author":[{"embeddable":true,"href":"https:\/\/www.fermedesainteluce.com\/web\/wp-json\/wp\/v2\/users\/2"}],"replies":[{"embeddable":true,"href":"https:\/\/www.fermedesainteluce.com\/web\/wp-json\/wp\/v2\/comments?post=1667"}],"version-history":[{"count":1,"href":"https:\/\/www.fermedesainteluce.com\/web\/wp-json\/wp\/v2\/posts\/1667\/revisions"}],"predecessor-version":[{"id":1669,"href":"https:\/\/www.fermedesainteluce.com\/web\/wp-json\/wp\/v2\/posts\/1667\/revisions\/1669"}],"wp:featuredmedia":[{"embeddable":true,"href":"https:\/\/www.fermedesainteluce.com\/web\/wp-json\/wp\/v2\/media\/1668"}],"wp:attachment":[{"href":"https:\/\/www.fermedesainteluce.com\/web\/wp-json\/wp\/v2\/media?parent=1667"}],"wp:term":[{"taxonomy":"category","embeddable":true,"href":"https:\/\/www.fermedesainteluce.com\/web\/wp-json\/wp\/v2\/categories?post=1667"},{"taxonomy":"post_tag","embeddable":true,"href":"https:\/\/www.fermedesainteluce.com\/web\/wp-json\/wp\/v2\/tags?post=1667"}],"curies":[{"name":"wp","href":"https:\/\/api.w.org\/{rel}","templated":true}]}}