{"id":700,"date":"2019-03-04T15:02:39","date_gmt":"2019-03-04T14:02:39","guid":{"rendered":"https:\/\/www.fermedesainteluce.com\/web\/?p=700"},"modified":"2019-03-04T15:04:00","modified_gmt":"2019-03-04T14:04:00","slug":"steaks-haches-de-boeuf","status":"publish","type":"post","link":"https:\/\/www.fermedesainteluce.com\/web\/tout\/a-la-une\/steaks-haches-de-boeuf\/","title":{"rendered":"Steaks hach\u00e9s de b\u0153uf"},"content":{"rendered":"<p>La ferme de Sainte Luce vous propose des steaks hach\u00e9s de b\u0153uf surgel\u00e9s. Ils sont conditionn\u00e9s en bo\u00eete de 10 x 100 g. R\u00e9servez les pour vos prochains march\u00e9s ou venez vous approvisionner \u00e0 la ferme!<\/p>\n<p>Retrouvez <a href=\"https:\/\/www.fermedesainteluce.com\/web\/decouvrez-nos-produits\/\">l&#8217;ensemble des produits de la ferme<\/a>.<br \/>\n<a href=\"https:\/\/www.fermedesainteluce.com\/web\/ou-trouver-nos-produits-les-points-de-vente\/\">Nos points de vente<\/a>.<\/p>\n<p><img decoding=\"async\" loading=\"lazy\" src=\"https:\/\/www.fermedesainteluce.com\/web\/wp-content\/uploads\/2019\/03\/IMG_20190304_123255-211x300.jpg\" alt=\"\" width=\"211\" height=\"300\" class=\"alignnone size-medium wp-image-705\" srcset=\"https:\/\/www.fermedesainteluce.com\/web\/wp-content\/uploads\/2019\/03\/IMG_20190304_123255-211x300.jpg 211w, https:\/\/www.fermedesainteluce.com\/web\/wp-content\/uploads\/2019\/03\/IMG_20190304_123255-768x1090.jpg 768w, https:\/\/www.fermedesainteluce.com\/web\/wp-content\/uploads\/2019\/03\/IMG_20190304_123255-722x1024.jpg 722w, https:\/\/www.fermedesainteluce.com\/web\/wp-content\/uploads\/2019\/03\/IMG_20190304_123255.jpg 902w\" sizes=\"(max-width: 211px) 100vw, 211px\" \/><\/p>\n","protected":false},"excerpt":{"rendered":"<p>La ferme de Sainte Luce vous propose des steaks hach\u00e9s de b\u0153uf surgel\u00e9s. Ils sont conditionn\u00e9s en bo\u00eete de 10 x 100 g. R\u00e9servez les pour vos prochains march\u00e9s ou venez vous approvisionner \u00e0 la ferme! Retrouvez l&#8217;ensemble des produits de la ferme. Nos points [&hellip;]<\/p>\n","protected":false},"author":2,"featured_media":702,"comment_status":"closed","ping_status":"closed","sticky":false,"template":"","format":"standard","meta":{"_custom_body_class":"","_custom_post_class":""},"categories":[3,5],"tags":[],"_links":{"self":[{"href":"https:\/\/www.fermedesainteluce.com\/web\/wp-json\/wp\/v2\/posts\/700"}],"collection":[{"href":"https:\/\/www.fermedesainteluce.com\/web\/wp-json\/wp\/v2\/posts"}],"about":[{"href":"https:\/\/www.fermedesainteluce.com\/web\/wp-json\/wp\/v2\/types\/post"}],"author":[{"embeddable":true,"href":"https:\/\/www.fermedesainteluce.com\/web\/wp-json\/wp\/v2\/users\/2"}],"replies":[{"embeddable":true,"href":"https:\/\/www.fermedesainteluce.com\/web\/wp-json\/wp\/v2\/comments?post=700"}],"version-history":[{"count":3,"href":"https:\/\/www.fermedesainteluce.com\/web\/wp-json\/wp\/v2\/posts\/700\/revisions"}],"predecessor-version":[{"id":706,"href":"https:\/\/www.fermedesainteluce.com\/web\/wp-json\/wp\/v2\/posts\/700\/revisions\/706"}],"wp:featuredmedia":[{"embeddable":true,"href":"https:\/\/www.fermedesainteluce.com\/web\/wp-json\/wp\/v2\/media\/702"}],"wp:attachment":[{"href":"https:\/\/www.fermedesainteluce.com\/web\/wp-json\/wp\/v2\/media?parent=700"}],"wp:term":[{"taxonomy":"category","embeddable":true,"href":"https:\/\/www.fermedesainteluce.com\/web\/wp-json\/wp\/v2\/categories?post=700"},{"taxonomy":"post_tag","embeddable":true,"href":"https:\/\/www.fermedesainteluce.com\/web\/wp-json\/wp\/v2\/tags?post=700"}],"curies":[{"name":"wp","href":"https:\/\/api.w.org\/{rel}","templated":true}]}}