{"id":917,"date":"2020-10-08T10:41:54","date_gmt":"2020-10-08T08:41:54","guid":{"rendered":"https:\/\/www.fermedesainteluce.com\/web\/?p=917"},"modified":"2020-10-08T10:49:59","modified_gmt":"2020-10-08T08:49:59","slug":"nouveau-marche-de-paysans-et-dartisans-locaux-a-roizon-le-haut","status":"publish","type":"post","link":"https:\/\/www.fermedesainteluce.com\/web\/tout\/a-la-une\/nouveau-marche-de-paysans-et-dartisans-locaux-a-roizon-le-haut\/","title":{"rendered":"Nouveau march\u00e9 de paysans et d&#8217;artisans locaux \u00e0 Roizon le haut"},"content":{"rendered":"<p>\u00e7a bouge par chez nous !<\/p>\n<p>La ferme Graines de Th\u00f4nes, situ\u00e9e \u00e0 Roizon le Haut (commune de Nantes en Rattier) a initi\u00e9 et accueille chaque samedi<strong> un march\u00e9 de producteurs et d&#8217;artisans locaux de 9h \u00e0 11h30.<\/strong><\/p>\n<p>Graines de Thones (alias Nad\u00e8ge et Florian) produit des plants, des oeufs et de la viande d&#8217;agneau. En plus de ces produits, vous trouverez sur ce march\u00e9 nos produits laitiers et notre viande de boeuf et porc, des l\u00e9gumes, du pain, du fromage de ch\u00e8vre, du miel, des infusions, du caf\u00e9, de la bi\u00e8re&#8230;<\/p>\n<p>Avant de vous rendre au march\u00e9, vous pouvez pr\u00e9commander sur le site cagette<span style=\"color: #0000ff;\"> <a style=\"color: #0000ff;\" href=\"http:\/\/app.cagette.net\/group\/7259\" target=\"_blank\" rel=\"noopener\">http:\/\/app.cagette.net\/group\/7259\u00a0<\/a><\/span>(Inscription gratuite et paiement sur place le jour du march\u00e9). <em>Attention certains produits sont disponibles uniquement en pr\u00e9-commandes.<\/em><\/p>\n<p>La ferme de Sainte-Luce est pr\u00e9sente au moins une fois par mois. Et le reste du temps, pensez \u00e0 commander via Cagette !<\/p>\n<p>Le march\u00e9 se passe dans la cour de la ferme ou dans la bergerie en cas de mauvais temps. Tr\u00e8s r\u00e9guli\u00e8rement, Nad\u00e8ge et Florian proposent des animations. Rdv sur leur<span style=\"color: #0000ff;\"><a style=\"color: #0000ff;\" href=\"https:\/\/www.facebook.com\/grainesdethones\/\" target=\"_blank\" rel=\"noopener\"> page Facebook<\/a> .<\/span><\/p>\n<p>Au plaisir de vous y retrouver &#8230;<\/p>\n<div data-carousel-extra='{\"blog_id\":1,\"permalink\":\"https:\\\/\\\/www.fermedesainteluce.com\\\/web\\\/tout\\\/a-la-une\\\/nouveau-marche-de-paysans-et-dartisans-locaux-a-roizon-le-haut\\\/\",\"likes_blog_id\":false}' class=\"tiled-gallery type-square tiled-gallery-unresized\" data-original-width=\"1200\"><div class=\"tiled-gallery-item\"><a border=\"0\" href=\"https:\/\/www.fermedesainteluce.com\/web\/tout\/a-la-une\/nouveau-marche-de-paysans-et-dartisans-locaux-a-roizon-le-haut\/attachment\/img_20200926_095036\/\"><img data-attachment-id=\"924\" data-orig-file=\"https:\/\/www.fermedesainteluce.com\/web\/wp-content\/uploads\/2020\/10\/IMG_20200926_095036.jpg\" data-orig-size=\"1280,960\" data-comments-opened=\"0\" data-image-meta=\"{&quot;aperture&quot;:&quot;2.2&quot;,&quot;credit&quot;:&quot;&quot;,&quot;camera&quot;:&quot;U FEEL PRIME&quot;,&quot;caption&quot;:&quot;&quot;,&quot;created_timestamp&quot;:&quot;1601113836&quot;,&quot;copyright&quot;:&quot;&quot;,&quot;focal_length&quot;:&quot;4.73&quot;,&quot;iso&quot;:&quot;772&quot;,&quot;shutter_speed&quot;:&quot;0.058823529411765&quot;,&quot;title&quot;:&quot;&quot;,&quot;orientation&quot;:&quot;0&quot;,&quot;keywords&quot;:&quot;Array&quot;}\" data-image-title=\"Graines de Thones\" data-image-description=\"\" data-medium-file=\"https:\/\/www.fermedesainteluce.com\/web\/wp-content\/uploads\/2020\/10\/IMG_20200926_095036-300x225.jpg\" data-large-file=\"https:\/\/www.fermedesainteluce.com\/web\/wp-content\/uploads\/2020\/10\/IMG_20200926_095036-1024x768.jpg\" style=\"margin: 2px\" src=\"https:\/\/www.fermedesainteluce.com\/web\/wp-content\/uploads\/2020\/10\/IMG_20200926_095036.jpg?w=595&#038;h=595&#038;crop=1\" width=595 height=595 title=\"Graines de Thones\" \/><\/a><\/div><div class=\"tiled-gallery-item\"><a border=\"0\" href=\"https:\/\/www.fermedesainteluce.com\/web\/tout\/a-la-une\/nouveau-marche-de-paysans-et-dartisans-locaux-a-roizon-le-haut\/attachment\/img_20200926_095115\/\"><img data-attachment-id=\"918\" data-orig-file=\"https:\/\/www.fermedesainteluce.com\/web\/wp-content\/uploads\/2020\/10\/IMG_20200926_095115.jpg\" data-orig-size=\"1280,960\" data-comments-opened=\"0\" data-image-meta=\"{&quot;aperture&quot;:&quot;2.2&quot;,&quot;credit&quot;:&quot;&quot;,&quot;camera&quot;:&quot;U FEEL PRIME&quot;,&quot;caption&quot;:&quot;&quot;,&quot;created_timestamp&quot;:&quot;1601113875&quot;,&quot;copyright&quot;:&quot;&quot;,&quot;focal_length&quot;:&quot;4.73&quot;,&quot;iso&quot;:&quot;944&quot;,&quot;shutter_speed&quot;:&quot;0.071428571428571&quot;,&quot;title&quot;:&quot;&quot;,&quot;orientation&quot;:&quot;0&quot;,&quot;keywords&quot;:&quot;Array&quot;}\" data-image-title=\"Graines de Thones\" data-image-description=\"\" data-medium-file=\"https:\/\/www.fermedesainteluce.com\/web\/wp-content\/uploads\/2020\/10\/IMG_20200926_095115-300x225.jpg\" data-large-file=\"https:\/\/www.fermedesainteluce.com\/web\/wp-content\/uploads\/2020\/10\/IMG_20200926_095115-1024x768.jpg\" style=\"margin: 2px\" src=\"https:\/\/www.fermedesainteluce.com\/web\/wp-content\/uploads\/2020\/10\/IMG_20200926_095115.jpg?w=595&#038;h=595&#038;crop=1\" width=595 height=595 title=\"Graines de Thones\" \/><\/a><\/div><\/div>\n","protected":false},"excerpt":{"rendered":"<p>\u00e7a bouge par chez nous ! La ferme Graines de Th\u00f4nes, situ\u00e9e \u00e0 Roizon le Haut (commune de Nantes en Rattier) a initi\u00e9 et accueille chaque samedi un march\u00e9 de producteurs et d&#8217;artisans locaux de 9h \u00e0 11h30. Graines de Thones (alias Nad\u00e8ge et Florian) [&hellip;]<\/p>\n","protected":false},"author":2,"featured_media":919,"comment_status":"closed","ping_status":"closed","sticky":false,"template":"","format":"standard","meta":{"_custom_body_class":"","_custom_post_class":""},"categories":[3,4],"tags":[],"_links":{"self":[{"href":"https:\/\/www.fermedesainteluce.com\/web\/wp-json\/wp\/v2\/posts\/917"}],"collection":[{"href":"https:\/\/www.fermedesainteluce.com\/web\/wp-json\/wp\/v2\/posts"}],"about":[{"href":"https:\/\/www.fermedesainteluce.com\/web\/wp-json\/wp\/v2\/types\/post"}],"author":[{"embeddable":true,"href":"https:\/\/www.fermedesainteluce.com\/web\/wp-json\/wp\/v2\/users\/2"}],"replies":[{"embeddable":true,"href":"https:\/\/www.fermedesainteluce.com\/web\/wp-json\/wp\/v2\/comments?post=917"}],"version-history":[{"count":6,"href":"https:\/\/www.fermedesainteluce.com\/web\/wp-json\/wp\/v2\/posts\/917\/revisions"}],"predecessor-version":[{"id":927,"href":"https:\/\/www.fermedesainteluce.com\/web\/wp-json\/wp\/v2\/posts\/917\/revisions\/927"}],"wp:featuredmedia":[{"embeddable":true,"href":"https:\/\/www.fermedesainteluce.com\/web\/wp-json\/wp\/v2\/media\/919"}],"wp:attachment":[{"href":"https:\/\/www.fermedesainteluce.com\/web\/wp-json\/wp\/v2\/media?parent=917"}],"wp:term":[{"taxonomy":"category","embeddable":true,"href":"https:\/\/www.fermedesainteluce.com\/web\/wp-json\/wp\/v2\/categories?post=917"},{"taxonomy":"post_tag","embeddable":true,"href":"https:\/\/www.fermedesainteluce.com\/web\/wp-json\/wp\/v2\/tags?post=917"}],"curies":[{"name":"wp","href":"https:\/\/api.w.org\/{rel}","templated":true}]}}